[{"@context":"https:\/\/schema.org\/","@type":"Article","@id":"https:\/\/www.audivia.cz\/bylinkova-zahradka\/#Article","mainEntityOfPage":"https:\/\/www.audivia.cz\/bylinkova-zahradka\/","headline":"Bylinkov\u00e1 zahr\u00e1dka","name":"Bylinkov\u00e1 zahr\u00e1dka","description":"Bylo m\u00fdm snem po\u0159\u00eddit si bylinkovou spir\u00e1lu. Na\u010detla jsem na toto t\u00e9ma mnoho \u010dl\u00e1nk\u016f a po\u0159\u00eddila si...","datePublished":"2023-05-29","dateModified":"2023-05-29","author":{"@type":"Person","@id":"https:\/\/www.audivia.cz\/author\/#Person","name":"","url":"https:\/\/www.audivia.cz\/author\/","identifier":1,"image":{"@type":"ImageObject","@id":"https:\/\/secure.gravatar.com\/avatar\/831abbcc684823965c5caa39ae4561083127c8aedfe9e524c6cecc176998c733?s=96&d=mm&r=g","url":"https:\/\/secure.gravatar.com\/avatar\/831abbcc684823965c5caa39ae4561083127c8aedfe9e524c6cecc176998c733?s=96&d=mm&r=g","height":96,"width":96}},"publisher":{"@type":"Organization","name":"audivia.cz","logo":{"@type":"ImageObject","@id":"\/logo.png","url":"\/logo.png","width":600,"height":60}},"image":{"@type":"ImageObject","@id":"https:\/\/www.audivia.cz\/wp-content\/uploads\/img_a301593_w1713_t1511695112.jpg","url":"https:\/\/www.audivia.cz\/wp-content\/uploads\/img_a301593_w1713_t1511695112.jpg","height":0,"width":0},"url":"https:\/\/www.audivia.cz\/bylinkova-zahradka\/","wordCount":403,"articleBody":"  Bylo m\u00fdm snem po\u0159\u00eddit si bylinkovou spir\u00e1lu. Na\u010detla jsem na toto t\u00e9ma mnoho \u010dl\u00e1nk\u016f a po\u0159\u00eddila si n\u011bkolik knih. Vzhledem k rozvodu a st\u011bhov\u00e1n\u00ed jsem ji\u017e zalo\u017eila dv\u011b. Ka\u017edou trochu jinou, tu druhou samoz\u0159ejm\u011b po p\u0159edchoz\u00edch zku\u0161enostech o n\u011bco lep\u0161\u00ed, ne\u017e tu prvn\u00ed. Bylinky si m\u016f\u017eete b\u011b\u017en\u011b koupit v supermarketu v kv\u011btin\u00e1\u010di, alespo\u0148 ty z\u00e1kladn\u00ed. Kter\u00e9 to jsou, a kter\u00e9 m\u016f\u017eete p\u011bstovat i doma v byt\u011b se do\u010dtete na . Pro m\u011b jsou to nejen pomocn\u00edci p\u0159i va\u0159en\u00ed v kuchyni, ale d\u011bl\u00e1m z nich i velmi obl\u00edben\u00e9, chutn\u00e9 a l\u00e9\u010div\u00e9 bylinkov\u00e9 \u010daje. K tomu nevyu\u017e\u00edv\u00e1m jen bylinky ze zahr\u00e1dky, ale od jara do podzimu chod\u00edm po luk\u00e1ch a lese a trh\u00e1m diviznu, he\u0159m\u00e1nek, jahodn\u00edk, malin\u00edk, ostru\u017ein\u00edk, lipov\u00fd a bezov\u00fd kv\u011bt, \u0161\u00edpek, podb\u011bl, hluchavku, kop\u0159ivu a dal\u0161\u00ed. Z t\u011bch, kter\u00e9 m\u00e1m vys\u00e1zen\u00e9 nebo vyset\u00e9 v bylinkov\u00e9 spir\u00e1le pou\u017e\u00edv\u00e1m do \u010dajov\u00fdch sm\u011bs\u00ed hlavn\u011b medu\u0148ku, r\u016fzn\u00e9 druhy m\u00e1ty a \u0161alv\u011bje, mate\u0159\u00eddou\u0161ku nebo tymi\u00e1n. Do kuchyn\u011b tam roste m\u016fj milovan\u00fd libe\u010dek \u2013 bylinka na\u0161ich babi\u010dek, rozmar\u00fdn, saturejka, yzop, major\u00e1nka, bazalka, koriandr, kopr, medv\u011bd\u00ed \u010desnek a dal\u0161\u00ed. N\u011bkter\u00e9 maj\u00ed sv\u00e9 obdob\u00ed r\u016fstu a sb\u011bru, jin\u00e9 lze skl\u00edzet celou sezonu. N\u011bkter\u00e9 jsou pouze jednolet\u00e9 a mus\u00ed se vysazovat ka\u017ed\u00fd rok znovu, n\u011bkter\u00e9 je t\u0159eba chr\u00e1nit p\u0159ed mrazem, aby vydr\u017eely do dal\u0161\u00edch let. K takov\u00fdm nezmar\u016fm, kte\u0159\u00ed p\u0159e\u017eij\u00ed snad v\u0161e, pat\u0159\u00ed m\u00e1ta, mate\u0159\u00eddou\u0161ka, medu\u0148ka a libe\u010dek. O ostatn\u00ed se mus\u00ed v\u00edce pe\u010dovat. Mate\u0159\u00eddou\u0161ka je d\u00edky sv\u00e9 v\u016fni a okrasn\u00e9mu kvetu vhodn\u00e1 t\u0159eba i mezi dla\u017edice do chodn\u00edk\u016f a vjezd\u016f. Kdy\u017e po n\u00ed budete \u0161lapat, uvoln\u00edte jej\u00ed v\u016fni a j\u00ed t\u00edm neubl\u00ed\u017e\u00edte. Rychle se rozr\u016fst\u00e1, mus\u00ed se naopak trochu omezovat. Na zimu si v\u011bt\u0161inu bylinek nasu\u0161\u00edm nebo kopr, pa\u017eitku a petr\u017eel zamraz\u00edm. Nemus\u00edm je tak nutn\u011b p\u0159esazovat do kv\u011btin\u00e1\u010de a p\u0159emis\u0165ovat do kuchyn\u011b.                                                                                                                                                                                                                                                                                                                                                                                          4.4\/5 - (7 votes)        "},{"@context":"https:\/\/schema.org\/","@type":"BreadcrumbList","itemListElement":[{"@type":"ListItem","position":1,"name":"Bylinkov\u00e1 zahr\u00e1dka","item":"https:\/\/www.audivia.cz\/bylinkova-zahradka\/#breadcrumbitem"}]}]