[{"@context":"https:\/\/schema.org\/","@type":"Article","@id":"https:\/\/www.audivia.cz\/cesky-zensky-tenis-vladne-svetu\/#Article","mainEntityOfPage":"https:\/\/www.audivia.cz\/cesky-zensky-tenis-vladne-svetu\/","headline":"\u010cesk\u00fd \u017eensk\u00fd tenis vl\u00e1dne sv\u011btu","name":"\u010cesk\u00fd \u017eensk\u00fd tenis vl\u00e1dne sv\u011btu","description":"Leto\u0161n\u00ed rok je pro \u010desk\u00e9 tenistky zlomov\u00fd. Nen\u00ed \u00fasp\u011b\u0161n\u011bj\u0161\u00ed n\u00e1rodnosti, ne\u017e t\u00e9 na\u0161\u00ed \u010desk\u00e9, kdy na\u0161e tenistky...","datePublished":"2019-07-04","dateModified":"2023-05-29","author":{"@type":"Person","@id":"https:\/\/www.audivia.cz\/author\/#Person","name":"","url":"https:\/\/www.audivia.cz\/author\/","identifier":1,"image":{"@type":"ImageObject","@id":"https:\/\/secure.gravatar.com\/avatar\/831abbcc684823965c5caa39ae4561083127c8aedfe9e524c6cecc176998c733?s=96&d=mm&r=g","url":"https:\/\/secure.gravatar.com\/avatar\/831abbcc684823965c5caa39ae4561083127c8aedfe9e524c6cecc176998c733?s=96&d=mm&r=g","height":96,"width":96}},"publisher":{"@type":"Organization","name":"audivia.cz","logo":{"@type":"ImageObject","@id":"\/logo.png","url":"\/logo.png","width":600,"height":60}},"image":{"@type":"ImageObject","@id":"https:\/\/www.audivia.cz\/wp-content\/uploads\/img_a349775_w2668_t1564840180.jpg","url":"https:\/\/www.audivia.cz\/wp-content\/uploads\/img_a349775_w2668_t1564840180.jpg","height":0,"width":0},"url":"https:\/\/www.audivia.cz\/cesky-zensky-tenis-vladne-svetu\/","wordCount":380,"articleBody":"Leto\u0161n\u00ed rok je pro \u010desk\u00e9 tenistky zlomov\u00fd. Nen\u00ed \u00fasp\u011b\u0161n\u011bj\u0161\u00ed n\u00e1rodnosti, ne\u017e t\u00e9 na\u0161\u00ed \u010desk\u00e9, kdy na\u0161e tenistky p\u0159evy\u0161uj\u00ed v\u0161echny ostatn\u00ed.\tPod\u00edvejme se, jak si stoj\u00ed na\u0161e tenistky v\u00a0prvn\u00ed 100 sv\u011btov\u00e9ho WTA tenisov\u00e9ho \u017eeb\u0159\u00ed\u010dku singlu ke dni 28.7.2019.\t\u00a0\t\u00b7\u00a0\u00a0\u00a0\u00a0\u00a0\u00a0\u00a0\u00a0 3. m\u00edsto Karol\u00edna Pl\u00ed\u0161kov\u00e1\t\u00b7\u00a0\u00a0\u00a0\u00a0\u00a0\u00a0\u00a0\u00a0 6. m\u00edsto Petra Kvitov\u00e1\t\u00b7\u00a0\u00a0\u00a0\u00a0\u00a0\u00a0\u00a0\u00a0 15. m\u00edsto Mark\u00e9ta Vondrou\u0161ov\u00e1\t\u00b7\u00a0\u00a0\u00a0\u00a0\u00a0\u00a0\u00a0\u00a0 32. m\u00edsto Barbora Str\u00fdcov\u00e1\t\u00b7\u00a0\u00a0\u00a0\u00a0\u00a0\u00a0\u00a0\u00a0 41. m\u00edsto Kate\u0159ina Siniakov\u00e1\t\u00b7\u00a0\u00a0\u00a0\u00a0\u00a0\u00a0\u00a0\u00a0 46. m\u00edsto Karol\u00edna Muchov\u00e1\t\u00b7\u00a0\u00a0\u00a0\u00a0\u00a0\u00a0\u00a0\u00a0 87. m\u00edsto Krist\u00fdna Pl\u00ed\u0161kov\u00e1\t\u00b7\u00a0\u00a0\u00a0\u00a0\u00a0\u00a0\u00a0\u00a0 91. m\u00edsto Marie Bouzkov\u00e1\t\u00a0\tTady vid\u00edme, \u017ee 8 \u010desk\u00fdch tenistek je v\u00a0prvn\u00ed 100 sv\u011btov\u00e9ho poh\u00e1ru. Karol\u00edna Pl\u00ed\u0161kov\u00e1 a Petra Kvitov\u00e1 se na \u0161pici dr\u017e\u00ed b\u011bhem cel\u00e9 sez\u00f3ny. Mark\u00e9ta Vondrou\u0161ov\u00e1 zaznamenala nejv\u011bt\u0161\u00ed \u00fasp\u011bch, kdy\u017e se letos dostala do fin\u00e1le French Open, kde podlehla a\u017e Australance Ashleigh Barty. Barbora Str\u00fdcov\u00e1 p\u0159edvedla f\u00e1mozn\u00ed v\u00fdkony na leto\u0161n\u00edm Wimbledonu, kdy se dostala a\u017e do semifin\u00e1le, kde podlehla Seren\u011b Williamsov\u00e9. Kate\u0159ina Siniakov\u00e1 zat\u00edm nijak v\u00fdrazn\u011bji nepromluvila do celkov\u00e9ho hodnocen\u00ed, dr\u017e\u00ed se po\u0159\u00e1d okolo poloviny celkov\u00e9ho hodnocen\u00ed. Naopak Karol\u00edna Muchov\u00e1 si v\u00fdrazn\u011b polep\u0161ila na leto\u0161n\u00edm Wimbledonu, kdy se probojovala a\u017e do \u010dtvrtfin\u00e1le, kde podlehla sv\u011btov\u00e9 sedmi\u010dce (7.) Svitolinov\u00e9. M\u00edrn\u00e9 postupy zaznamen\u00e1vaj\u00ed i Krist\u00fdna Pl\u00ed\u0161kov\u00e1 a Marie Bouzkov\u00e1.\t\tU\u017e nyn\u00ed jsme zv\u011bdav\u00ed, jak si tenistky povedou ve zbytku sez\u00f3ny a jak na tom budou p\u0159\u00ed\u0161t\u00ed rok.\tZaj\u00edmav\u00fd je i \u017eeb\u0159\u00ed\u010dek \u017eensk\u00e9 \u010dty\u0159hry:\t\u00a0\t\u00b7\u00a0\u00a0\u00a0\u00a0\u00a0\u00a0\u00a0\u00a0 1. m\u00edsto Barbora Str\u00fdcov\u00e1\t\u00b7\u00a0\u00a0\u00a0\u00a0\u00a0\u00a0\u00a0\u00a0 8. m\u00edsto Kate\u0159ina Siniakov\u00e1\t\u00b7\u00a0\u00a0\u00a0\u00a0\u00a0\u00a0\u00a0\u00a0 12. m\u00edsto Barbora Krej\u010d\u00edkov\u00e1\t\u00b7\u00a0\u00a0\u00a0\u00a0\u00a0\u00a0\u00a0\u00a0 17. m\u00edsto Kv\u011bta Peschke\t\u00b7\u00a0\u00a0\u00a0\u00a0\u00a0\u00a0\u00a0\u00a0 19. m\u00edsto Andrea Sestini Hlav\u00e1\u010dkov\u00e1\t\u00b7\u00a0\u00a0\u00a0\u00a0\u00a0\u00a0\u00a0\u00a0 22. m\u00edsto Lucie Hradeck\u00e1\tJe neskute\u010dn\u00e9, \u017ee \u017eeb\u0159\u00ed\u010dku \u017eensk\u00e9 \u010dty\u0159hry dominuje \u010desk\u00e1 tenistka, v\u00a0tomto p\u0159\u00edpad\u011b Barbora Str\u00fdcov\u00e1.\tLetos ukon\u010dila kari\u00e9ru Lucie \u0160af\u00e1\u0159ov\u00e1, kter\u00e1 se u\u017e p\u0159ipravuje na rodi\u010dovskou roli spolu s\u00a0hokejistou Tom\u00e1\u0161em Plekancem.\t\u017densk\u00fd tenis dominuje sv\u011btu. Bohu\u017eel tomu tak nen\u00ed i v\u00a0mu\u017esk\u00e9m tenise, kde se n\u00e1m na 107. pozici tr\u00e1p\u00ed Tom\u00e1\u0161 Berdych. Budoucnost \u010desk\u00e9ho mu\u017esk\u00e9ho tenisu nen\u00ed tak nad\u011bjn\u00e1 jako toho \u017eensk\u00e9ho.                                                                                                                                                                                                                                                                                                                                                                                        3.7\/5 - (9 votes)        "},{"@context":"https:\/\/schema.org\/","@type":"BreadcrumbList","itemListElement":[{"@type":"ListItem","position":1,"name":"\u010cesk\u00fd \u017eensk\u00fd tenis vl\u00e1dne sv\u011btu","item":"https:\/\/www.audivia.cz\/cesky-zensky-tenis-vladne-svetu\/#breadcrumbitem"}]}]