[{"@context":"https:\/\/schema.org\/","@type":"Article","@id":"https:\/\/www.audivia.cz\/jak-to-mam-se-sperky\/#Article","mainEntityOfPage":"https:\/\/www.audivia.cz\/jak-to-mam-se-sperky\/","headline":"Jak to m\u00e1m se \u0161perky","name":"Jak to m\u00e1m se \u0161perky","description":"Co se \u0161perk\u016f t\u00fd\u010de, tak jsem naprost\u00fd bl\u00e1zen. Tak, jak si n\u011bkdo mus\u00ed kupovat st\u00e1le nov\u00e9 oble\u010den\u00ed,...","datePublished":"2024-08-23","dateModified":"2024-08-23","author":{"@type":"Person","@id":"https:\/\/www.audivia.cz\/author\/#Person","name":"","url":"https:\/\/www.audivia.cz\/author\/","identifier":1,"image":{"@type":"ImageObject","@id":"https:\/\/secure.gravatar.com\/avatar\/831abbcc684823965c5caa39ae4561083127c8aedfe9e524c6cecc176998c733?s=96&d=mm&r=g","url":"https:\/\/secure.gravatar.com\/avatar\/831abbcc684823965c5caa39ae4561083127c8aedfe9e524c6cecc176998c733?s=96&d=mm&r=g","height":96,"width":96}},"publisher":{"@type":"Organization","name":"audivia.cz","logo":{"@type":"ImageObject","@id":"\/logo.png","url":"\/logo.png","width":600,"height":60}},"image":{"@type":"ImageObject","@id":"https:\/\/www.audivia.cz\/wp-content\/uploads\/pexels-gdtography-277628-6563393.jpg","url":"https:\/\/www.audivia.cz\/wp-content\/uploads\/pexels-gdtography-277628-6563393.jpg","height":0,"width":0},"url":"https:\/\/www.audivia.cz\/jak-to-mam-se-sperky\/","about":["M\u00f3da"],"wordCount":409,"articleBody":"Co se \u0161perk\u016f t\u00fd\u010de, tak jsem naprost\u00fd bl\u00e1zen. Tak, jak si n\u011bkdo mus\u00ed kupovat st\u00e1le nov\u00e9 oble\u010den\u00ed, tak mn\u011b se l\u00edb\u00ed \u0161perky. A v\u011b\u0159te tomu, \u017ee kdy\u017e uvid\u00edm n\u011bjak\u00fd nov\u00fd model, kter\u00fd se mi l\u00edb\u00ed, tak skoro nem\u016f\u017eu odolat.Prst\u00fdnkyNejv\u00edce se mi l\u00edb\u00ed asi prst\u00fdnky. Od mala m\u011b to k nim t\u00e1hlo. Je\u0161t\u011b si pamatuji, jak jsem jako mal\u00e1 holka m\u011bla takov\u00e9 ty \u00fapln\u011b primitivn\u00ed prst\u00fdnky z \u017eeleza, kter\u00e9 po \u010dase z\u010dernaly, nebo m\u011b po nich zezelenal prst a j\u00e1 jsem z toho byla fakt ne\u0161\u0165astn\u00e1. A te\u010f s odstupem \u010dasu to pova\u017euji jako srandu. Te\u010f si sp\u00ed\u0161e kupuji \u0161perky, kter\u00e9 nezreznou. Tak\u017ee \u0161perky z nerezov\u00e9 oceli, n\u011bkter\u00e9 \u0161perky m\u00e1m i z m\u011bdi, ale t\u011bch je podstatn\u011b m\u00e9n\u011b.N\u00e1ramky\u00a0N\u00e1ramky se m\u011b v posledn\u00ed dob\u011b za\u010d\u00ednaj\u00ed l\u00edbit, i kdy\u017e jsem je skoro nikdy nenosila. Je to zvl\u00e1\u0161tn\u00ed, jak se \u010dlov\u011bku za\u010dne n\u011bco l\u00edbit a\u017e b\u011bhem \u017eivota. Nejv\u00edc m\u00e1m r\u00e1da asi \u0161perky z nerezov\u00e9 oceli, kter\u00e9 jsou pozlacen\u00e9. Pro\u010d? Proto\u017ee m\u00e1m jistotu, \u017ee nezreznou. A pr\u00e1v\u011b tomu se div\u00edm, \u017ee \u0161perky z nerezov\u00e9 oceli v podstat\u011b nejsou ani tak drah\u00e9, jak \u0161perky ze zlata. A v mnoha ohledech jsou i lep\u0161\u00ed ne\u017e \u0161perky ze zlata. Nav\u00edc ta p\u00e9\u010de o n\u011b je stra\u0161n\u011b jednoduch\u00e1, sta\u010d\u00ed je v\u017edycky jenom vy\u010distit mokr\u00fdm had\u0159\u00edkem, a to je v\u0161echno. Nav\u00edc vypadaj\u00ed stra\u0161n\u011b hezky a nevypadaj\u00ed v\u016fbec levn\u011b. A kde je m\u016f\u017eete koupit levn\u011b? Nej\u010dast\u011bji na takov\u00fdch t\u011bch internetov\u00fdch obchodech, jako je SHEIN a podobn\u011b.\u00a0Tam se daj\u00ed koupit velmi levn\u011b a je to super. S takov\u00fdmi \u0161perky ud\u011bl\u00e1te fakt velkou par\u00e1du, a je\u0161t\u011b se v\u00e1m budou kr\u00e1sn\u011b nosit. J\u00e1 jsem r\u00e1da, \u017ee \u0161perky z nerezov\u00e9 m\u00e1m a neskute\u010dn\u011b r\u00e1da je nos\u00edm ka\u017ed\u00fd den. A m\u00e1m je u\u017e n\u011bkolik let a nikdy mi neztratily barvu a ani nezrezly, co\u017e je naprosto neuv\u011b\u0159iteln\u00e9. Je to asi podstatn\u011b lep\u0161\u00ed mo\u017enost ne\u017e si koupit t\u0159eba \u0161perky z kovu, kter\u00e9 u\u017e po \u010dase nebudou hezk\u00e9 a budete je muset hodn\u011b pracn\u011b \u010distit, aby vypadaly dob\u0159e.\u00a0                                                                                                                                                                                                                                                                                                                                                                                        4.7\/5 - (3 votes)        "},{"@context":"https:\/\/schema.org\/","@type":"BreadcrumbList","itemListElement":[{"@type":"ListItem","position":1,"name":"Jak to m\u00e1m se \u0161perky","item":"https:\/\/www.audivia.cz\/jak-to-mam-se-sperky\/#breadcrumbitem"}]}]