[{"@context":"https:\/\/schema.org\/","@type":"Article","@id":"https:\/\/www.audivia.cz\/k-cemu-jsou-dobre-voziky-na-prepravky\/#Article","mainEntityOfPage":"https:\/\/www.audivia.cz\/k-cemu-jsou-dobre-voziky-na-prepravky\/","headline":"K \u010demu jsou dobr\u00e9 voz\u00edky na p\u0159epravky","name":"K \u010demu jsou dobr\u00e9 voz\u00edky na p\u0159epravky","description":"Pokud chceme n\u011bkam dopravit v\u011bt\u0161\u00ed mno\u017estv\u00ed zbo\u017e\u00ed najednou, obvykle je naskl\u00e1d\u00e1me do p\u0159epravn\u00ed bedny. D\u00edky n\u00ed m\u016f\u017eeme...","datePublished":"2023-02-23","dateModified":"2023-02-23","author":{"@type":"Person","@id":"https:\/\/www.audivia.cz\/author\/#Person","name":"","url":"https:\/\/www.audivia.cz\/author\/","identifier":1,"image":{"@type":"ImageObject","@id":"https:\/\/secure.gravatar.com\/avatar\/831abbcc684823965c5caa39ae4561083127c8aedfe9e524c6cecc176998c733?s=96&d=mm&r=g","url":"https:\/\/secure.gravatar.com\/avatar\/831abbcc684823965c5caa39ae4561083127c8aedfe9e524c6cecc176998c733?s=96&d=mm&r=g","height":96,"width":96}},"publisher":{"@type":"Organization","name":"audivia.cz","logo":{"@type":"ImageObject","@id":"\/logo.png","url":"\/logo.png","width":600,"height":60}},"image":{"@type":"ImageObject","@id":"https:\/\/www.audivia.cz\/wp-content\/uploads\/preprava6_4.jpg","url":"https:\/\/www.audivia.cz\/wp-content\/uploads\/preprava6_4.jpg","height":0,"width":0},"url":"https:\/\/www.audivia.cz\/k-cemu-jsou-dobre-voziky-na-prepravky\/","about":["Produkty"],"wordCount":460,"articleBody":"       Pokud chceme n\u011bkam dopravit v\u011bt\u0161\u00ed mno\u017estv\u00ed zbo\u017e\u00ed najednou, obvykle je naskl\u00e1d\u00e1me do p\u0159epravn\u00ed bedny. D\u00edky n\u00ed m\u016f\u017eeme p\u0159em\u00edstit najednou mnohem v\u00edce kus\u016f, ne\u017e bychom zvl\u00e1dli hol\u00fdma rukama. Probl\u00e9mem v\u0161ak je, \u017ee pln\u011b nalo\u017een\u00e1 p\u0159epravn\u00ed bedna m\u016f\u017ee b\u00fdt, v z\u00e1vislosti na n\u00e1kladu, pom\u011brn\u011b t\u011b\u017ek\u00e1. Je pochopiteln\u00e9, \u017ee obchody nemohou po sv\u00fdch zam\u011bstnanc\u00edch cht\u00edt, aby nosili p\u0159i dopl\u0148ov\u00e1n\u00ed zbo\u017e\u00ed bedny o v\u00e1ze i n\u011bkolik des\u00edtek kilogram\u016f, a p\u0159en\u00e1\u0161en\u00ed zbo\u017e\u00ed ze skladu v ruce by trvalo p\u0159\u00edli\u0161 dlouho. Muselo se tedy naj\u00edt \u0159e\u0161en\u00ed, zvl\u00e1\u0161t\u011b s rostouc\u00ed velikost\u00ed obchod\u016f.T\u00edm se nakonec uk\u00e1zaly b\u00fdt voz\u00edky na p\u0159epravky. Ty se svou konstrukc\u00ed pon\u011bkud podobaj\u00ed traka\u0159i, jen s t\u00edm rozd\u00edlem, \u017ee n\u00e1kladov\u00fd prostor je v\u011bt\u0161inou obd\u00e9ln\u00edkov\u00fd s p\u0159esn\u011b standardizovan\u00fdmi rozm\u011bry, aby tam bylo mo\u017en\u00e9 p\u0159epravku bezpe\u010dn\u011b ulo\u017eit. Tak\u00e9 dr\u017eadlo je zvednut\u00e9 do v\u00fd\u0161e. I to m\u00e1 sv\u016fj \u00fa\u010del \u2013 je tak mo\u017en\u00e9 postavit i v\u00edce beden na sebe. Vzhledem k fyzik\u00e1ln\u00edm vlastnostem kola je pak dok\u00e1\u017ee uv\u00e9zt i pr\u016fm\u011brn\u011b fyzicky zdatn\u00fd pracovn\u00edk. To v\u0161e samoz\u0159ejm\u011b zna\u010dn\u011b usnad\u0148uje zam\u011bstnanc\u016fm pr\u00e1ci a tak\u00e9 ji urychluje. Nen\u00ed toti\u017e ji\u017e pot\u0159eba se tak \u010dasto vracet do skladu.Z v\u00fd\u0161e uveden\u00e9ho samoz\u0159ejm\u011b vypl\u00fdv\u00e1, \u017ee je nej\u010dast\u011bji nalezneme pr\u00e1v\u011b v obchodech. Ov\u0161em to rozhodn\u011b nen\u00ed jedin\u00e9 m\u00edsto, kde maj\u00ed tyto voz\u00edky sv\u00e9 uplatn\u011bn\u00ed. Dal\u0161\u00edm p\u0159\u00edkladem mohou b\u00fdt sklady, a to z pochopiteln\u00fdch d\u016fvod\u016f. Jejich variantu m\u00e1me k dispozici i na leti\u0161ti, i kdy\u017e zde je upravena sp\u00ed\u0161e pro rozm\u011bry klasick\u00e9ho kufru sp\u00ed\u0161e ne\u017e p\u0159epravn\u00ed bedny.Jednodu\u0161e \u0159e\u010deno, najdeme jej v\u0161ude tam, kde m\u016f\u017ee b\u00fdt nutn\u00e9 p\u0159em\u00edstit z m\u00edsta na m\u00edsto v\u011bt\u0161\u00ed mno\u017estv\u00ed v\u011bc\u00ed najednou. Lid\u00e9 samoz\u0159ejm\u011b velmi rychle pochopili jeho u\u017eite\u010dnost, a tak nen\u00ed divu, \u017ee je v sou\u010dasn\u00e9 dob\u011b v r\u016fzn\u00fdch podob\u00e1ch zna\u010dn\u011b roz\u0161\u00ed\u0159en\u00fd. Pou\u017e\u00edt jej m\u016f\u017eeme samoz\u0159ejm\u011b i doma, av\u0161ak zde je pot\u0159eba b\u00fdt realistick\u00fd. Situac\u00ed, kdy se bez n\u011bj neobejdeme, je skute\u010dn\u011b velmi m\u00e1lo. Rozhodn\u011b se n\u00e1m tedy vyplat\u00ed si jej v p\u0159\u00edpad\u011b pot\u0159eby sp\u00ed\u0161e pronajmou \u2013 jinak by n\u00e1m naprostou v\u011bt\u0161inu \u010dasu zbyte\u010dn\u011b zacl\u00e1n\u011bl doma.                                                                                                                                                                                                                                                                                                                                                                                          5\/5 - (1 vote)        "},{"@context":"https:\/\/schema.org\/","@type":"BreadcrumbList","itemListElement":[{"@type":"ListItem","position":1,"name":"K \u010demu jsou dobr\u00e9 voz\u00edky na p\u0159epravky","item":"https:\/\/www.audivia.cz\/k-cemu-jsou-dobre-voziky-na-prepravky\/#breadcrumbitem"}]}]