[{"@context":"https:\/\/schema.org\/","@type":"Article","@id":"https:\/\/www.audivia.cz\/kachlova-kamna-liberec-budou-zarucene-tvorit-stred-vaseho-domu\/#Article","mainEntityOfPage":"https:\/\/www.audivia.cz\/kachlova-kamna-liberec-budou-zarucene-tvorit-stred-vaseho-domu\/","headline":"Kachlov\u00e1 kamna Liberec budou zaru\u010den\u011b tvo\u0159it st\u0159ed Va\u0161eho domu","name":"Kachlov\u00e1 kamna Liberec budou zaru\u010den\u011b tvo\u0159it st\u0159ed Va\u0161eho domu","description":"Bude se zde sch\u00e1zet cel\u00e1 rodina. V zimn\u00edch m\u011bs\u00edc\u00edch se tu v\u0161ichni po\u0159\u00e1dn\u011b proh\u0159ejete a nav\u00edc si...","datePublished":"2023-11-18","dateModified":"2023-11-18","author":{"@type":"Person","@id":"https:\/\/www.audivia.cz\/author\/#Person","name":"","url":"https:\/\/www.audivia.cz\/author\/","identifier":1,"image":{"@type":"ImageObject","@id":"https:\/\/secure.gravatar.com\/avatar\/831abbcc684823965c5caa39ae4561083127c8aedfe9e524c6cecc176998c733?s=96&d=mm&r=g","url":"https:\/\/secure.gravatar.com\/avatar\/831abbcc684823965c5caa39ae4561083127c8aedfe9e524c6cecc176998c733?s=96&d=mm&r=g","height":96,"width":96}},"publisher":{"@type":"Organization","name":"audivia.cz","logo":{"@type":"ImageObject","@id":"\/logo.png","url":"\/logo.png","width":600,"height":60}},"url":"https:\/\/www.audivia.cz\/kachlova-kamna-liberec-budou-zarucene-tvorit-stred-vaseho-domu\/","wordCount":245,"articleBody":"Bude se zde sch\u00e1zet cel\u00e1 rodina. V zimn\u00edch m\u011bs\u00edc\u00edch se tu v\u0161ichni po\u0159\u00e1dn\u011b proh\u0159ejete a nav\u00edc si i skv\u011ble povykl\u00e1d\u00e1te svoje z\u00e1\u017eitky za cel\u00fd den. Tak by to ve funk\u010dn\u00edch rodin\u00e1ch m\u011blo b\u00fdt. Alespo\u0148 v minulosti to tak na\u0161e babi\u010dky zaru\u010den\u011b m\u011bly. Vra\u0165me se ob\u010das k tradici. Ur\u010dit\u011b n\u00e1m to prosp\u011bje. Hektick\u00fd \u017eivot dnes vede skoro ka\u017ed\u00fd pracuj\u00edc\u00ed \u010dlov\u011bk. Zkuste alespo\u0148 po p\u0159\u00edchodu z pr\u00e1ce doma na chvilku zvolnit a relaxovat. Ide\u00e1ln\u00edm m\u00edstem bude pr\u00e1v\u011b okol\u00ed krbu.Klasick\u00fd design by V\u00e1m z\u00e1vid\u011bla dokonce i Va\u0161e babi\u010dkaNechali jste si na Va\u0161\u00ed chat\u011b postavit klasick\u00e1 kachlov\u00e1 kamna Liberec. Byl to skv\u011bl\u00fd n\u00e1pad, kter\u00e9ho zaru\u010den\u011b nelitujete. Kdyby \u017eila je\u0161t\u011b Va\u0161e babi\u010dka, jist\u011b by byla nad\u0161en\u00e1. Mo\u017en\u00e1 by dokonce uronila slzu a zavzpom\u00ednala by na sv\u00e9 d\u011btstv\u00ed. U ohn\u011b se v\u017edy v\u0161ichni sch\u00e1zeli. \u0158e\u0161ili se b\u011b\u017en\u00e9 starosti i \u00fasp\u011bchy. Tak by to m\u011blo b\u00fdt i dnes. Bohu\u017eel ve v\u011bt\u0161in\u011b dom\u00e1cnost\u00ed je situace naprosto odli\u0161n\u00e1. V\u0161ichni si zalezou do sv\u00fdch pokoj\u016f a spole\u010dn\u00e9 ve\u010de\u0159e se konaj\u00ed pouze p\u00e1rkr\u00e1t za rok. Vy to chcete zm\u011bnit.                                                                                                                                                                                                                                                                                                                                                                                        4.8\/5 - (6 votes)        "},{"@context":"https:\/\/schema.org\/","@type":"BreadcrumbList","itemListElement":[{"@type":"ListItem","position":1,"name":"Kachlov\u00e1 kamna Liberec budou zaru\u010den\u011b tvo\u0159it st\u0159ed Va\u0161eho domu","item":"https:\/\/www.audivia.cz\/kachlova-kamna-liberec-budou-zarucene-tvorit-stred-vaseho-domu\/#breadcrumbitem"}]}]