[{"@context":"https:\/\/schema.org\/","@type":"Article","@id":"https:\/\/www.audivia.cz\/mate-kratke-vlasy\/#Article","mainEntityOfPage":"https:\/\/www.audivia.cz\/mate-kratke-vlasy\/","headline":"M\u00e1te kr\u00e1tk\u00e9 vlasy?","name":"M\u00e1te kr\u00e1tk\u00e9 vlasy?","description":"Vlasy dok\u00e1\u017eou na sebev\u011bdom\u00ed ud\u011blat spoustu \u0161r\u00e1m\u016f, a to u mu\u017e\u016f i u \u017een. Mu\u017ee tr\u00e1p\u00ed ztr\u00e1ta...","datePublished":"2024-11-27","dateModified":"2024-11-27","author":{"@type":"Person","@id":"https:\/\/www.audivia.cz\/author\/#Person","name":"","url":"https:\/\/www.audivia.cz\/author\/","identifier":1,"image":{"@type":"ImageObject","@id":"https:\/\/secure.gravatar.com\/avatar\/831abbcc684823965c5caa39ae4561083127c8aedfe9e524c6cecc176998c733?s=96&d=mm&r=g","url":"https:\/\/secure.gravatar.com\/avatar\/831abbcc684823965c5caa39ae4561083127c8aedfe9e524c6cecc176998c733?s=96&d=mm&r=g","height":96,"width":96}},"publisher":{"@type":"Organization","name":"audivia.cz","logo":{"@type":"ImageObject","@id":"\/logo.png","url":"\/logo.png","width":600,"height":60}},"image":{"@type":"ImageObject","@id":"https:\/\/www.audivia.cz\/wp-content\/uploads\/pexels-n-voitkevich-8468148.jpg","url":"https:\/\/www.audivia.cz\/wp-content\/uploads\/pexels-n-voitkevich-8468148.jpg","height":0,"width":0},"url":"https:\/\/www.audivia.cz\/mate-kratke-vlasy\/","about":["Firmy"],"wordCount":407,"articleBody":"   Vlasy dok\u00e1\u017eou na sebev\u011bdom\u00ed ud\u011blat spoustu \u0161r\u00e1m\u016f, a to u mu\u017e\u016f i u \u017een. Mu\u017ee tr\u00e1p\u00ed ztr\u00e1ta vlas\u016f, a mnoz\u00ed z nich o vlasy p\u0159ich\u00e1z\u00ed u\u017e zhruba mezi 25. a 30. rokem. Je to pro n\u011b stresuj\u00edc\u00ed, a \u0159e\u0161en\u00edm jsou v\u00edcem\u00e9n\u011b jen p\u0159\u00ed\u010desky, kter\u00e9 se lep\u00ed na poko\u017eku hlavy, anebo transplantace vlas\u016f. Zkou\u0161et r\u016fzn\u00e9 potravinov\u00e9 dopl\u0148ky jsou ve v\u011bt\u0161in\u011b p\u0159\u00edpad\u016f jen ztr\u00e1ta \u010dasu a vyhazov\u00e1n\u00ed pen\u011bz z okna. \u017deny zase tr\u00e1p\u00ed n\u00edzk\u00e1 kvalita vlas\u016f. Vlasy se t\u0159ep\u00ed zejm\u00e9na vlivem \u0161patn\u00e9 p\u00e9\u010de. Mezi nej\u010dast\u011bj\u0161\u00ed proh\u0159e\u0161ky, kter\u00fdch se \u017eeny dopou\u0161t\u00ed pat\u0159\u00ed pou\u017e\u00edv\u00e1n\u00ed nekvalitn\u00ed kosmetiky, dom\u00e1c\u00ed b\u011blen\u00ed a barven\u00ed vlas\u016f a tak\u00e9 pou\u017e\u00edv\u00e1n\u00ed nevhodn\u00e9 techniky myt\u00ed. \u017deny se tr\u00e1p\u00ed \u0161patnou kvalitou vlas\u016f cel\u00fd \u017eivot. Mnoh\u00e9 z nich toti\u017e svoje vlasy zni\u010dily, a je obt\u00ed\u017en\u011b hledaj\u00ed cestu zp\u011bt. Stejn\u011b jako u mu\u017e\u016f i u \u017een plat\u00ed, \u017ee \u010dasto jsou potravinov\u00e9 dopl\u0148ky slibuj\u00edc\u00ed z\u00e1zraky jen l\u00e1kadlem, kter\u00e1 stoj\u00ed spoustu pen\u011bz, ale v\u00fdsledky nejsou \u017e\u00e1dn\u00e9. Je lep\u0161\u00ed se v\u011bnovat prevenci a o vlasy se po\u0159\u00e1dn\u011b starat, proto\u017ee se t\u00edm vyhnete pozd\u011bj\u0161\u00edmu zklam\u00e1n\u00ed ze ztr\u00e1ty vlas\u016f. Mnoh\u00e9 \u017eeny tr\u00e1p\u00ed i to \u017ee jim vlasy rostou extr\u00e9mn\u011b pomalu a maj\u00ed rozt\u0159epen\u00e9 kone\u010dky. Zde nepom\u016f\u017ee nic jin\u00e9ho ne\u017e n\u016f\u017eky a spr\u00e1vn\u00e1 p\u00e9\u010de. Tr\u00e1p\u00ed v\u00e1s kr\u00e1tk\u00e9 vlasy, kter\u00e9 v\u00e1m necht\u011bj\u00ed dor\u016fst? Ni\u010d\u00ed v\u00e1s pohled od zrcadla a va\u0161e vlasy jsou st\u00e1le v hor\u0161\u00edm stavu? Co zv\u00e1\u017eit prodlou\u017een\u00ed? Mnoh\u00e9 \u017eeny vyu\u017e\u00edvaj\u00ed prodlu\u017eov\u00e1n\u00ed vlas\u016f &#8211; cena nemus\u00ed b\u00fdt tak vysok\u00e1 jak mysl\u00edte. Na jedno prodlou\u017een\u00ed je t\u0159eba zhruba 80 pramen\u016f, jejich\u017e cena se pohybuje od 36 K\u010d po t\u00e9m\u011b\u0159 300 K\u010d za pramen v z\u00e1vislosti na d\u00e9lce a kvalit\u011b zvolen\u00fdch vlas\u016f. Prodlou\u017een\u00ed p\u0159edch\u00e1z\u00ed konzultace, kter\u00e1 je nez\u00e1vazn\u00e1 a p\u0159i kter\u00e9 zjist\u00edte kter\u00e1 metoda prodlu\u017eov\u00e1n\u00ed je pro v\u00e1s vhodn\u00e1, a kolik pramen\u016f by bylo ve va\u0161em p\u0159\u00edpad\u011b pot\u0159eba. Prodlou\u017een\u00ed vlas\u016f v\u00e1m vlasy nejen prodlou\u017e\u00ed, ale i zahust\u00ed. Objednejte se dovolte n\u00e1m zv\u00fd\u0161it va\u0161e sebev\u011bdom\u00ed.                                                                                                                                                                                                                                                                                                                                                                                          4\/5 - (4 votes)        "},{"@context":"https:\/\/schema.org\/","@type":"BreadcrumbList","itemListElement":[{"@type":"ListItem","position":1,"name":"M\u00e1te kr\u00e1tk\u00e9 vlasy?","item":"https:\/\/www.audivia.cz\/mate-kratke-vlasy\/#breadcrumbitem"}]}]