[{"@context":"https:\/\/schema.org\/","@type":"Article","@id":"https:\/\/www.audivia.cz\/modni-ucesy\/#Article","mainEntityOfPage":"https:\/\/www.audivia.cz\/modni-ucesy\/","headline":"M\u00f3dn\u00ed \u00fa\u010desy","name":"M\u00f3dn\u00ed \u00fa\u010desy","description":"N\u011bkte\u0159\u00ed lid\u00e9 prost\u011b cht\u011bj\u00ed, aby m\u011bli jen to m\u00f3dn\u00ed. \u0158e\u0161\u00ed nejen to, co budou nosit, ale tak\u00e9,...","datePublished":"2022-07-23","dateModified":"2022-07-23","author":{"@type":"Person","@id":"https:\/\/www.audivia.cz\/author\/#Person","name":"","url":"https:\/\/www.audivia.cz\/author\/","identifier":1,"image":{"@type":"ImageObject","@id":"https:\/\/secure.gravatar.com\/avatar\/831abbcc684823965c5caa39ae4561083127c8aedfe9e524c6cecc176998c733?s=96&d=mm&r=g","url":"https:\/\/secure.gravatar.com\/avatar\/831abbcc684823965c5caa39ae4561083127c8aedfe9e524c6cecc176998c733?s=96&d=mm&r=g","height":96,"width":96}},"publisher":{"@type":"Organization","name":"audivia.cz","logo":{"@type":"ImageObject","@id":"\/logo.png","url":"\/logo.png","width":600,"height":60}},"image":{"@type":"ImageObject","@id":"https:\/\/www.audivia.cz\/wp-content\/uploads\/p%C4%9Bkn%C3%A1.JPG","url":"https:\/\/www.audivia.cz\/wp-content\/uploads\/p%C4%9Bkn%C3%A1.JPG","height":0,"width":0},"url":"https:\/\/www.audivia.cz\/modni-ucesy\/","about":["M\u00f3da"],"wordCount":441,"articleBody":"N\u011bkte\u0159\u00ed lid\u00e9 prost\u011b cht\u011bj\u00ed, aby m\u011bli jen to m\u00f3dn\u00ed. \u0158e\u0161\u00ed nejen to, co budou nosit, ale tak\u00e9, jak\u00fd budou m\u00edt \u00fa\u010des. Je mnoho lid\u00ed, kte\u0159\u00ed je\u0161t\u011b p\u0159edt\u00edm, ne\u017e jdou ke kade\u0159nici nebo kade\u0159n\u00edkovi s\u00a0danou osobou prob\u00edraj\u00ed, kter\u00e9 \u00fa\u010desy jsou dnes m\u00f3dn\u00ed a zda by dan\u00e9mu \u010dlov\u011bku dan\u00fd \u00fa\u010des slu\u0161el.Pokud m\u00e1te s\u00a0va\u0161\u00ed kade\u0159nic\u00ed nebo kade\u0159n\u00edkem dobr\u00fd vztah a r\u00e1di si o v\u0161em spole\u010dn\u011b pov\u00edd\u00e1te, ur\u010dit\u011b nebude probl\u00e9m se ozvat a probrat, kter\u00fd \u00fa\u010des by pro v\u00e1s byl nejlep\u0161\u00ed a na kter\u00fd naopak zapomenout.Stejn\u011b jako prob\u00edhaj\u00ed zm\u011bny ve sv\u011bt\u011b m\u00f3dy, prob\u00edhaj\u00ed zm\u011bny i ve sv\u011bt\u011b \u00fa\u010des\u016f. Mysl\u00edte si, \u017ee je je\u0161t\u011b dnes modern\u00ed trval\u00e1? Rozhodn\u011b ne.Dnes p\u0159evl\u00e1daj\u00ed v\u011bci, jako jsou balayage nebo ombr\u00e9. Mnoho \u017een se pro n\u011bco takov\u00e9ho rozhodne a ud\u011blaj\u00ed jen dob\u0159e, proto\u017ee nap\u0159\u00edklad takov\u00e1 balayage vypad\u00e1 velice p\u0159irozen\u011b a mnoh\u00fdm \u017een\u00e1m opravdu slu\u0161\u00ed.\u00a0Bude na va\u0161em rozhodnut\u00ed, do \u010deho p\u016fjdete pr\u00e1v\u011b vy, ale pokud i vy m\u00e1te r\u00e1di p\u0159irozenost, bude n\u011bco takov\u00e9ho, jako je pr\u00e1v\u011b balayage, skv\u011bl\u00e1 mo\u017enost.V\u00a0p\u0159\u00edpad\u011b mu\u017e\u016f ale n\u011bco takov\u00e9ho nevypad\u00e1 p\u0159\u00edli\u0161 dob\u0159e. Mu\u017ei ud\u011blaj\u00ed l\u00e9pe, pokud z\u016fstanou u hn\u011bd\u00e9 barvy. Pr\u00e1v\u011b ta mu\u017e\u016fm nejv\u00edce slu\u0161\u00ed. Ur\u010dit\u011b se najdou mu\u017ei, kte\u0159\u00ed se pokus\u00ed experimentovat, ale opravdu by bylo nejlep\u0161\u00ed, pokud by mu\u017ei z\u016fstali u jedn\u00e9 barvy, kter\u00e1 jim bude opravdu slu\u0161et.Ur\u010dit\u011b je tak\u00e9 dobr\u00e9 se mezit\u00edm, co budete komunikovat se svou kade\u0159nic\u00ed nebo kade\u0159n\u00edkem d\u00edvat na internet, kde \u010dlov\u011bk m\u016f\u017ee naj\u00edt, jak dan\u00fd \u00fa\u010des vypad\u00e1 a komu slu\u0161\u00ed. Takhle si ud\u011bl\u00e1te l\u00e9pe p\u0159edstavu o tom, jak n\u011bco takov\u00e9ho vypad\u00e1. Pokud v\u00e1m n\u011bkdo \u0159ekne slovo balayage a vy jste o n\u011b\u010dem takov\u00e9m nikdy nesly\u0161eli, je mo\u017en\u00e9, \u017ee nebudete v\u011bd\u011bt, o co se jedn\u00e1 a tak skute\u010dn\u011b ud\u011bl\u00e1te dob\u0159e, pokud se pod\u00edv\u00e1te pr\u00e1v\u011b na internet, kde jist\u011b nebude probl\u00e9m fotografie n\u011b\u010deho takov\u00e9ho naj\u00edt.Pokud m\u00e1te r\u00e1di zm\u011bny, ur\u010dit\u011b do n\u011bjak\u00e9 zm\u011bny b\u011b\u017ete, proto\u017ee je mo\u017en\u00e9, \u017ee pr\u00e1v\u011b v\u00e1m n\u011bco takov\u00e9ho m\u016f\u017ee velice slu\u0161et.                                                                                                                                                                                                                                                                                                                                                                                        5\/5 - (5 votes)        "},{"@context":"https:\/\/schema.org\/","@type":"BreadcrumbList","itemListElement":[{"@type":"ListItem","position":1,"name":"M\u00f3dn\u00ed \u00fa\u010desy","item":"https:\/\/www.audivia.cz\/modni-ucesy\/#breadcrumbitem"}]}]